{"id":18430,"date":"2015-07-17T15:51:08","date_gmt":"2015-07-17T13:51:08","guid":{"rendered":"http:\/\/www.barcelonalab.com\/~editorialmediter\/?p=18430"},"modified":"2015-07-24T16:36:26","modified_gmt":"2015-07-24T14:36:26","slug":"el-greco-a-un-mar-dhistories","status":"publish","type":"post","link":"https:\/\/editorialmediterrania.com\/en\/el-greco-a-un-mar-dhistories\/","title":{"rendered":"El Greco, a Un mar d&#8217;hist\u00f2ries"},"content":{"rendered":"<p>El sis\u00e8 llibre de la col\u00b7lecci\u00f3 <a href=\"http:\/\/editorialmediterrania.net\/colleccions\/infantil-i-juvenil\/un-mar-histories\/\" target=\"_blank\"><strong><em>Un mar d&#8217;hist\u00f2ries<\/em><\/strong> <\/a>\u00e9s sobre un dels pintors m\u00e9s reconeguts a Espanya: Dom\u00e9nico Theotocoupulos, m\u00e9s conegut com <strong><a href=\"http:\/\/editorialmediterrania.net\/product\/el-greco-2\/\" target=\"_blank\">El Greco<\/a><\/strong>. La publicaci\u00f3 del t\u00edtol coincideix amb la celebraci\u00f3 del <strong><a href=\"http:\/\/www.elgreco2014.com\" target=\"_blank\">quart centenari de la seva mort<\/a><\/strong>, amb motiu de la qual s&#8217;han organitzat diverses exposicions i homenatges a tot Espanya durant tot l&#8217;any.<\/p>\n<p>En el conte, escrit per\u00a0Bego\u00f1a Garc\u00eda Carteron i il\u00b7lustrat amb molt detall per Jordi Vila,\u00a0<i>El cavaller de la m\u00e0 al pit<\/i>, un dels seus quadres m\u00e9s coneguts, pren vida per rec\u00f3rrer la hist\u00f2ria de l&#8217;autor a partir dels detalls, paisatges i personatges que apareixen en els seus retrats i pintures m\u00e9s emblem\u00e0tiques com s\u00f3n <em>La dama de l&#8217;ermini<\/em>, que algunes hip\u00f2tesis sustenten que va ser la mare del seu fill, o <i>L&#8217;enterrament del comte d&#8217;Orgaz<\/i>, on va pintar el seu fill i alguns historiadors creuen que tamb\u00e9 a ell mateix.<\/p>\n<p>Fitxa del llibre: <a href=\"http:\/\/editorialmediterrania.net\/product\/el-greco-2\/\">aqu\u00ed<\/a>.<\/p>\n<p><a href=\"http:\/\/editorialmediterrania.net\/wp-content\/uploads\/2014\/06\/dibuix.bmp\"><img decoding=\"async\" class=\"aligncenter size-full wp-image-13450\" alt=\"dibuix\" src=\"http:\/\/editorialmediterrania.net\/wp-content\/uploads\/2014\/06\/dibuix.bmp\" \/><\/a><\/p>\n","protected":false},"excerpt":{"rendered":"<p>El sis\u00e8 llibre de la col\u00b7lecci\u00f3 Un mar d&#8217;hist\u00f2ries \u00e9s sobre un dels pintors m\u00e9s reconeguts a Espanya: Dom\u00e9nico Theotocoupulos, m\u00e9s conegut com El Greco. La publicaci\u00f3 del t\u00edtol coincideix amb la celebraci\u00f3 del quart centenari de la seva mort, amb motiu de la qual s&#8217;han organitzat diverses exposicions i homenatges a tot Espanya durant [&hellip;]<\/p>\n","protected":false},"author":39,"featured_media":24250,"comment_status":"closed","ping_status":"open","sticky":false,"template":"","format":"standard","meta":{"footnotes":""},"categories":[34,3],"tags":[],"class_list":["post-18430","post","type-post","status-publish","format-standard","has-post-thumbnail","hentry","category-adults","category-general-en"],"acf":[],"yoast_head":"<!-- This site is optimized with the Yoast SEO plugin v22.8 - https:\/\/yoast.com\/wordpress\/plugins\/seo\/ -->\n<title>El Greco, a Un mar d&#039;hist\u00f2ries - Editorial Mediterr\u00e0nia<\/title>\n<meta name=\"description\" content=\"Descobreix un m\u00f3n de meravelles a trav\u00e9s dels llibres de la nostra editorial especialitzada en art, cultura i natura per a fam\u00edlies. Amb il\u00b7lustracions fascinants i hist\u00f2ries enriquidores, inspirem el descobriment i la curiositat en petits i grans, connectant-los amb el patrimoni cultural i el meravell\u00f3s m\u00f3n natural que ens envolta\" \/>\n<meta name=\"robots\" content=\"index, follow, max-snippet:-1, max-image-preview:large, max-video-preview:-1\" \/>\n<link rel=\"canonical\" href=\"https:\/\/editorialmediterrania.com\/en\/el-greco-a-un-mar-dhistories\/\" \/>\n<meta property=\"og:locale\" content=\"en_US\" \/>\n<meta property=\"og:type\" content=\"article\" \/>\n<meta property=\"og:title\" content=\"El Greco, a Un mar d&#039;hist\u00f2ries - Editorial Mediterr\u00e0nia\" \/>\n<meta property=\"og:description\" content=\"Descobreix un m\u00f3n de meravelles a trav\u00e9s dels llibres de la nostra editorial especialitzada en art, cultura i natura per a fam\u00edlies. Amb il\u00b7lustracions fascinants i hist\u00f2ries enriquidores, inspirem el descobriment i la curiositat en petits i grans, connectant-los amb el patrimoni cultural i el meravell\u00f3s m\u00f3n natural que ens envolta\" \/>\n<meta property=\"og:url\" content=\"https:\/\/editorialmediterrania.com\/en\/el-greco-a-un-mar-dhistories\/\" \/>\n<meta property=\"og:site_name\" content=\"Editorial Mediterr\u00e0nia\" \/>\n<meta property=\"article:published_time\" content=\"2015-07-17T13:51:08+00:00\" \/>\n<meta property=\"article:modified_time\" content=\"2015-07-24T14:36:26+00:00\" \/>\n<meta property=\"og:image\" content=\"https:\/\/editorialmediterrania.com\/wp-content\/uploads\/2014\/06\/Un-Mar-de-historias-El-Greco1.jpg\" \/>\n\t<meta property=\"og:image:width\" content=\"300\" \/>\n\t<meta property=\"og:image:height\" content=\"360\" \/>\n\t<meta property=\"og:image:type\" content=\"image\/jpeg\" \/>\n<meta name=\"author\" content=\"Victor Font\" \/>\n<meta name=\"twitter:card\" content=\"summary_large_image\" \/>\n<meta name=\"twitter:creator\" content=\"@edmediterrania\" \/>\n<meta name=\"twitter:site\" content=\"@edmediterrania\" \/>\n<meta name=\"twitter:label1\" content=\"Written by\" \/>\n\t<meta name=\"twitter:data1\" content=\"Victor Font\" \/>\n\t<meta name=\"twitter:label2\" content=\"Est. reading time\" \/>\n\t<meta name=\"twitter:data2\" content=\"1 minute\" \/>\n<script type=\"application\/ld+json\" class=\"yoast-schema-graph\">{\"@context\":\"https:\/\/schema.org\",\"@graph\":[{\"@type\":\"Article\",\"@id\":\"https:\/\/editorialmediterrania.com\/en\/el-greco-a-un-mar-dhistories\/#article\",\"isPartOf\":{\"@id\":\"https:\/\/editorialmediterrania.com\/en\/el-greco-a-un-mar-dhistories\/\"},\"author\":{\"name\":\"Victor Font\",\"@id\":\"https:\/\/editorialmediterrania.com\/en\/#\/schema\/person\/3b7c22d36bef294596d9cd760ab22957\"},\"headline\":\"El Greco, a Un mar d&#8217;hist\u00f2ries\",\"datePublished\":\"2015-07-17T13:51:08+00:00\",\"dateModified\":\"2015-07-24T14:36:26+00:00\",\"mainEntityOfPage\":{\"@id\":\"https:\/\/editorialmediterrania.com\/en\/el-greco-a-un-mar-dhistories\/\"},\"wordCount\":184,\"publisher\":{\"@id\":\"https:\/\/editorialmediterrania.com\/en\/#organization\"},\"image\":{\"@id\":\"https:\/\/editorialmediterrania.com\/en\/el-greco-a-un-mar-dhistories\/#primaryimage\"},\"thumbnailUrl\":\"https:\/\/editorialmediterrania.com\/wp-content\/uploads\/2014\/06\/Un-Mar-de-historias-El-Greco1.jpg\",\"articleSection\":[\"Adults\",\"General\"],\"inLanguage\":\"en-US\"},{\"@type\":\"WebPage\",\"@id\":\"https:\/\/editorialmediterrania.com\/en\/el-greco-a-un-mar-dhistories\/\",\"url\":\"https:\/\/editorialmediterrania.com\/en\/el-greco-a-un-mar-dhistories\/\",\"name\":\"El Greco, a Un mar d'hist\u00f2ries - Editorial Mediterr\u00e0nia\",\"isPartOf\":{\"@id\":\"https:\/\/editorialmediterrania.com\/en\/#website\"},\"primaryImageOfPage\":{\"@id\":\"https:\/\/editorialmediterrania.com\/en\/el-greco-a-un-mar-dhistories\/#primaryimage\"},\"image\":{\"@id\":\"https:\/\/editorialmediterrania.com\/en\/el-greco-a-un-mar-dhistories\/#primaryimage\"},\"thumbnailUrl\":\"https:\/\/editorialmediterrania.com\/wp-content\/uploads\/2014\/06\/Un-Mar-de-historias-El-Greco1.jpg\",\"datePublished\":\"2015-07-17T13:51:08+00:00\",\"dateModified\":\"2015-07-24T14:36:26+00:00\",\"description\":\"Descobreix un m\u00f3n de meravelles a trav\u00e9s dels llibres de la nostra editorial especialitzada en art, cultura i natura per a fam\u00edlies. Amb il\u00b7lustracions fascinants i hist\u00f2ries enriquidores, inspirem el descobriment i la curiositat en petits i grans, connectant-los amb el patrimoni cultural i el meravell\u00f3s m\u00f3n natural que ens envolta\",\"inLanguage\":\"en-US\",\"potentialAction\":[{\"@type\":\"ReadAction\",\"target\":[\"https:\/\/editorialmediterrania.com\/en\/el-greco-a-un-mar-dhistories\/\"]}]},{\"@type\":\"ImageObject\",\"inLanguage\":\"en-US\",\"@id\":\"https:\/\/editorialmediterrania.com\/en\/el-greco-a-un-mar-dhistories\/#primaryimage\",\"url\":\"https:\/\/editorialmediterrania.com\/wp-content\/uploads\/2014\/06\/Un-Mar-de-historias-El-Greco1.jpg\",\"contentUrl\":\"https:\/\/editorialmediterrania.com\/wp-content\/uploads\/2014\/06\/Un-Mar-de-historias-El-Greco1.jpg\",\"width\":300,\"height\":360},{\"@type\":\"WebSite\",\"@id\":\"https:\/\/editorialmediterrania.com\/en\/#website\",\"url\":\"https:\/\/editorialmediterrania.com\/en\/\",\"name\":\"Editorial Mediterrania\",\"description\":\"Llibres que t\u2019obriran nous mons\",\"publisher\":{\"@id\":\"https:\/\/editorialmediterrania.com\/en\/#organization\"},\"alternateName\":\"Llibres infantils d'art, cultura i natura\",\"potentialAction\":[{\"@type\":\"SearchAction\",\"target\":{\"@type\":\"EntryPoint\",\"urlTemplate\":\"https:\/\/editorialmediterrania.com\/en\/?s={search_term_string}\"},\"query-input\":\"required name=search_term_string\"}],\"inLanguage\":\"en-US\"},{\"@type\":\"Organization\",\"@id\":\"https:\/\/editorialmediterrania.com\/en\/#organization\",\"name\":\"Editorial Mediterrania\",\"alternateName\":\"Llibres d'art, cultura i natura per infants i fam\u00edlies\",\"url\":\"https:\/\/editorialmediterrania.com\/en\/\",\"logo\":{\"@type\":\"ImageObject\",\"inLanguage\":\"en-US\",\"@id\":\"https:\/\/editorialmediterrania.com\/en\/#\/schema\/logo\/image\/\",\"url\":\"https:\/\/editorialmediterrania.com\/wp-content\/uploads\/2023\/03\/LOGO-ED_MEDITERRANIA_OK-2.png\",\"contentUrl\":\"https:\/\/editorialmediterrania.com\/wp-content\/uploads\/2023\/03\/LOGO-ED_MEDITERRANIA_OK-2.png\",\"width\":1200,\"height\":300,\"caption\":\"Editorial Mediterrania\"},\"image\":{\"@id\":\"https:\/\/editorialmediterrania.com\/en\/#\/schema\/logo\/image\/\"},\"sameAs\":[\"https:\/\/x.com\/edmediterrania\",\"https:\/\/www.instagram.com\/editorialmediterrania\/\"]},{\"@type\":\"Person\",\"@id\":\"https:\/\/editorialmediterrania.com\/en\/#\/schema\/person\/3b7c22d36bef294596d9cd760ab22957\",\"name\":\"Victor Font\",\"url\":\"https:\/\/editorialmediterrania.com\/en\/author\/victor-font\/\"}]}<\/script>\n<!-- \/ Yoast SEO plugin. -->","yoast_head_json":{"title":"El Greco, a Un mar d'hist\u00f2ries - Editorial Mediterr\u00e0nia","description":"Descobreix un m\u00f3n de meravelles a trav\u00e9s dels llibres de la nostra editorial especialitzada en art, cultura i natura per a fam\u00edlies. Amb il\u00b7lustracions fascinants i hist\u00f2ries enriquidores, inspirem el descobriment i la curiositat en petits i grans, connectant-los amb el patrimoni cultural i el meravell\u00f3s m\u00f3n natural que ens envolta","robots":{"index":"index","follow":"follow","max-snippet":"max-snippet:-1","max-image-preview":"max-image-preview:large","max-video-preview":"max-video-preview:-1"},"canonical":"https:\/\/editorialmediterrania.com\/en\/el-greco-a-un-mar-dhistories\/","og_locale":"en_US","og_type":"article","og_title":"El Greco, a Un mar d'hist\u00f2ries - Editorial Mediterr\u00e0nia","og_description":"Descobreix un m\u00f3n de meravelles a trav\u00e9s dels llibres de la nostra editorial especialitzada en art, cultura i natura per a fam\u00edlies. Amb il\u00b7lustracions fascinants i hist\u00f2ries enriquidores, inspirem el descobriment i la curiositat en petits i grans, connectant-los amb el patrimoni cultural i el meravell\u00f3s m\u00f3n natural que ens envolta","og_url":"https:\/\/editorialmediterrania.com\/en\/el-greco-a-un-mar-dhistories\/","og_site_name":"Editorial Mediterr\u00e0nia","article_published_time":"2015-07-17T13:51:08+00:00","article_modified_time":"2015-07-24T14:36:26+00:00","og_image":[{"width":300,"height":360,"url":"https:\/\/editorialmediterrania.com\/wp-content\/uploads\/2014\/06\/Un-Mar-de-historias-El-Greco1.jpg","type":"image\/jpeg"}],"author":"Victor Font","twitter_card":"summary_large_image","twitter_creator":"@edmediterrania","twitter_site":"@edmediterrania","twitter_misc":{"Written by":"Victor Font","Est. reading time":"1 minute"},"schema":{"@context":"https:\/\/schema.org","@graph":[{"@type":"Article","@id":"https:\/\/editorialmediterrania.com\/en\/el-greco-a-un-mar-dhistories\/#article","isPartOf":{"@id":"https:\/\/editorialmediterrania.com\/en\/el-greco-a-un-mar-dhistories\/"},"author":{"name":"Victor Font","@id":"https:\/\/editorialmediterrania.com\/en\/#\/schema\/person\/3b7c22d36bef294596d9cd760ab22957"},"headline":"El Greco, a Un mar d&#8217;hist\u00f2ries","datePublished":"2015-07-17T13:51:08+00:00","dateModified":"2015-07-24T14:36:26+00:00","mainEntityOfPage":{"@id":"https:\/\/editorialmediterrania.com\/en\/el-greco-a-un-mar-dhistories\/"},"wordCount":184,"publisher":{"@id":"https:\/\/editorialmediterrania.com\/en\/#organization"},"image":{"@id":"https:\/\/editorialmediterrania.com\/en\/el-greco-a-un-mar-dhistories\/#primaryimage"},"thumbnailUrl":"https:\/\/editorialmediterrania.com\/wp-content\/uploads\/2014\/06\/Un-Mar-de-historias-El-Greco1.jpg","articleSection":["Adults","General"],"inLanguage":"en-US"},{"@type":"WebPage","@id":"https:\/\/editorialmediterrania.com\/en\/el-greco-a-un-mar-dhistories\/","url":"https:\/\/editorialmediterrania.com\/en\/el-greco-a-un-mar-dhistories\/","name":"El Greco, a Un mar d'hist\u00f2ries - Editorial Mediterr\u00e0nia","isPartOf":{"@id":"https:\/\/editorialmediterrania.com\/en\/#website"},"primaryImageOfPage":{"@id":"https:\/\/editorialmediterrania.com\/en\/el-greco-a-un-mar-dhistories\/#primaryimage"},"image":{"@id":"https:\/\/editorialmediterrania.com\/en\/el-greco-a-un-mar-dhistories\/#primaryimage"},"thumbnailUrl":"https:\/\/editorialmediterrania.com\/wp-content\/uploads\/2014\/06\/Un-Mar-de-historias-El-Greco1.jpg","datePublished":"2015-07-17T13:51:08+00:00","dateModified":"2015-07-24T14:36:26+00:00","description":"Descobreix un m\u00f3n de meravelles a trav\u00e9s dels llibres de la nostra editorial especialitzada en art, cultura i natura per a fam\u00edlies. Amb il\u00b7lustracions fascinants i hist\u00f2ries enriquidores, inspirem el descobriment i la curiositat en petits i grans, connectant-los amb el patrimoni cultural i el meravell\u00f3s m\u00f3n natural que ens envolta","inLanguage":"en-US","potentialAction":[{"@type":"ReadAction","target":["https:\/\/editorialmediterrania.com\/en\/el-greco-a-un-mar-dhistories\/"]}]},{"@type":"ImageObject","inLanguage":"en-US","@id":"https:\/\/editorialmediterrania.com\/en\/el-greco-a-un-mar-dhistories\/#primaryimage","url":"https:\/\/editorialmediterrania.com\/wp-content\/uploads\/2014\/06\/Un-Mar-de-historias-El-Greco1.jpg","contentUrl":"https:\/\/editorialmediterrania.com\/wp-content\/uploads\/2014\/06\/Un-Mar-de-historias-El-Greco1.jpg","width":300,"height":360},{"@type":"WebSite","@id":"https:\/\/editorialmediterrania.com\/en\/#website","url":"https:\/\/editorialmediterrania.com\/en\/","name":"Editorial Mediterrania","description":"Llibres que t\u2019obriran nous mons","publisher":{"@id":"https:\/\/editorialmediterrania.com\/en\/#organization"},"alternateName":"Llibres infantils d'art, cultura i natura","potentialAction":[{"@type":"SearchAction","target":{"@type":"EntryPoint","urlTemplate":"https:\/\/editorialmediterrania.com\/en\/?s={search_term_string}"},"query-input":"required name=search_term_string"}],"inLanguage":"en-US"},{"@type":"Organization","@id":"https:\/\/editorialmediterrania.com\/en\/#organization","name":"Editorial Mediterrania","alternateName":"Llibres d'art, cultura i natura per infants i fam\u00edlies","url":"https:\/\/editorialmediterrania.com\/en\/","logo":{"@type":"ImageObject","inLanguage":"en-US","@id":"https:\/\/editorialmediterrania.com\/en\/#\/schema\/logo\/image\/","url":"https:\/\/editorialmediterrania.com\/wp-content\/uploads\/2023\/03\/LOGO-ED_MEDITERRANIA_OK-2.png","contentUrl":"https:\/\/editorialmediterrania.com\/wp-content\/uploads\/2023\/03\/LOGO-ED_MEDITERRANIA_OK-2.png","width":1200,"height":300,"caption":"Editorial Mediterrania"},"image":{"@id":"https:\/\/editorialmediterrania.com\/en\/#\/schema\/logo\/image\/"},"sameAs":["https:\/\/x.com\/edmediterrania","https:\/\/www.instagram.com\/editorialmediterrania\/"]},{"@type":"Person","@id":"https:\/\/editorialmediterrania.com\/en\/#\/schema\/person\/3b7c22d36bef294596d9cd760ab22957","name":"Victor Font","url":"https:\/\/editorialmediterrania.com\/en\/author\/victor-font\/"}]}},"_links":{"self":[{"href":"https:\/\/editorialmediterrania.com\/en\/wp-json\/wp\/v2\/posts\/18430","targetHints":{"allow":["GET"]}}],"collection":[{"href":"https:\/\/editorialmediterrania.com\/en\/wp-json\/wp\/v2\/posts"}],"about":[{"href":"https:\/\/editorialmediterrania.com\/en\/wp-json\/wp\/v2\/types\/post"}],"author":[{"embeddable":true,"href":"https:\/\/editorialmediterrania.com\/en\/wp-json\/wp\/v2\/users\/39"}],"replies":[{"embeddable":true,"href":"https:\/\/editorialmediterrania.com\/en\/wp-json\/wp\/v2\/comments?post=18430"}],"version-history":[{"count":0,"href":"https:\/\/editorialmediterrania.com\/en\/wp-json\/wp\/v2\/posts\/18430\/revisions"}],"wp:featuredmedia":[{"embeddable":true,"href":"https:\/\/editorialmediterrania.com\/en\/wp-json\/wp\/v2\/media\/24250"}],"wp:attachment":[{"href":"https:\/\/editorialmediterrania.com\/en\/wp-json\/wp\/v2\/media?parent=18430"}],"wp:term":[{"taxonomy":"category","embeddable":true,"href":"https:\/\/editorialmediterrania.com\/en\/wp-json\/wp\/v2\/categories?post=18430"},{"taxonomy":"post_tag","embeddable":true,"href":"https:\/\/editorialmediterrania.com\/en\/wp-json\/wp\/v2\/tags?post=18430"}],"curies":[{"name":"wp","href":"https:\/\/api.w.org\/{rel}","templated":true}]}}