{"id":20673,"date":"2015-07-30T18:33:29","date_gmt":"2015-07-30T16:33:29","guid":{"rendered":"http:\/\/www.barcelonalab.com\/~editorialmediter\/?p=20673"},"modified":"2015-09-14T20:35:33","modified_gmt":"2015-09-14T18:35:33","slug":"gabriel-janer-manila","status":"publish","type":"post","link":"https:\/\/editorialmediterrania.com\/es\/gabriel-janer-manila\/","title":{"rendered":"Gabriel Janer Manila"},"content":{"rendered":"<p style=\"text-align: justify;\">Gabriel Janer Manila (Algaida , Mallorca, 1940) es licenciado en Letras, doctor en Pedagog\u00eda por la Universidad de Barcelona, catedr\u00e1tico de Antropolog\u00eda de la Educaci\u00f3n en la Universidad de las Islas Baleares y escritor. En 1967 se dio a conocer con <a href=\"http:\/\/www.gabrieljaner.com\/timelinr\/guanya-el-premi-ciutat-de-palma-de-novel%C2%B7la-amb-labisme\" target=\"_blank\">L&#8217;abisme<\/a>, premio de novela Ciudad de Palma. Desde entonces su producci\u00f3n novel\u00edstica es continua con varias obras premiadas; tambi\u00e9n ha cultivado el ensayo y la narrativa infantil y juvenil. Su obra ha sido traducida a numerosos idiomas. Ha impartido cursos y pronunciado conferencias en todo el mundo.<\/p>\n","protected":false},"excerpt":{"rendered":"<p>Gabriel Janer Manila (Algaida , Mallorca, 1940) es licenciado en Letras, doctor en Pedagog\u00eda por la Universidad de Barcelona, catedr\u00e1tico de Antropolog\u00eda de la Educaci\u00f3n en la Universidad de las Islas Baleares y escritor. En 1967 se dio a conocer con L&#8217;abisme, premio de novela Ciudad de Palma. Desde entonces su producci\u00f3n novel\u00edstica es continua [&hellip;]<\/p>\n","protected":false},"author":39,"featured_media":23106,"comment_status":"closed","ping_status":"open","sticky":false,"template":"","format":"standard","meta":{"footnotes":""},"categories":[299],"tags":[],"class_list":["post-20673","post","type-post","status-publish","format-standard","has-post-thumbnail","hentry","category-autores"],"acf":[],"yoast_head":"<!-- This site is optimized with the Yoast SEO plugin v22.8 - https:\/\/yoast.com\/wordpress\/plugins\/seo\/ -->\n<title>Gabriel Janer Manila - Editorial Mediterr\u00e0nia<\/title>\n<meta name=\"description\" content=\"Descobreix un m\u00f3n de meravelles a trav\u00e9s dels llibres de la nostra editorial especialitzada en art, cultura i natura per a fam\u00edlies. Amb il\u00b7lustracions fascinants i hist\u00f2ries enriquidores, inspirem el descobriment i la curiositat en petits i grans, connectant-los amb el patrimoni cultural i el meravell\u00f3s m\u00f3n natural que ens envolta\" \/>\n<meta name=\"robots\" content=\"index, follow, max-snippet:-1, max-image-preview:large, max-video-preview:-1\" \/>\n<link rel=\"canonical\" href=\"https:\/\/editorialmediterrania.com\/es\/gabriel-janer-manila\/\" \/>\n<meta property=\"og:locale\" content=\"es_ES\" \/>\n<meta property=\"og:type\" content=\"article\" \/>\n<meta property=\"og:title\" content=\"Gabriel Janer Manila - Editorial Mediterr\u00e0nia\" \/>\n<meta property=\"og:description\" content=\"Descobreix un m\u00f3n de meravelles a trav\u00e9s dels llibres de la nostra editorial especialitzada en art, cultura i natura per a fam\u00edlies. Amb il\u00b7lustracions fascinants i hist\u00f2ries enriquidores, inspirem el descobriment i la curiositat en petits i grans, connectant-los amb el patrimoni cultural i el meravell\u00f3s m\u00f3n natural que ens envolta\" \/>\n<meta property=\"og:url\" content=\"https:\/\/editorialmediterrania.com\/es\/gabriel-janer-manila\/\" \/>\n<meta property=\"og:site_name\" content=\"Editorial Mediterr\u00e0nia\" \/>\n<meta property=\"article:published_time\" content=\"2015-07-30T16:33:29+00:00\" \/>\n<meta property=\"article:modified_time\" content=\"2015-09-14T18:35:33+00:00\" \/>\n<meta property=\"og:image\" content=\"https:\/\/editorialmediterrania.com\/wp-content\/uploads\/2015\/07\/Gabriel-Janer-Manila_color.jpg\" \/>\n\t<meta property=\"og:image:width\" content=\"600\" \/>\n\t<meta property=\"og:image:height\" content=\"601\" \/>\n\t<meta property=\"og:image:type\" content=\"image\/jpeg\" \/>\n<meta name=\"author\" content=\"Victor Font\" \/>\n<meta name=\"twitter:card\" content=\"summary_large_image\" \/>\n<meta name=\"twitter:creator\" content=\"@edmediterrania\" \/>\n<meta name=\"twitter:site\" content=\"@edmediterrania\" \/>\n<meta name=\"twitter:label1\" content=\"Escrito por\" \/>\n\t<meta name=\"twitter:data1\" content=\"Victor Font\" \/>\n<script type=\"application\/ld+json\" class=\"yoast-schema-graph\">{\"@context\":\"https:\/\/schema.org\",\"@graph\":[{\"@type\":\"Article\",\"@id\":\"https:\/\/editorialmediterrania.com\/es\/gabriel-janer-manila\/#article\",\"isPartOf\":{\"@id\":\"https:\/\/editorialmediterrania.com\/es\/gabriel-janer-manila\/\"},\"author\":{\"name\":\"Victor Font\",\"@id\":\"https:\/\/editorialmediterrania.com\/es\/#\/schema\/person\/3b7c22d36bef294596d9cd760ab22957\"},\"headline\":\"Gabriel Janer Manila\",\"datePublished\":\"2015-07-30T16:33:29+00:00\",\"dateModified\":\"2015-09-14T18:35:33+00:00\",\"mainEntityOfPage\":{\"@id\":\"https:\/\/editorialmediterrania.com\/es\/gabriel-janer-manila\/\"},\"wordCount\":96,\"publisher\":{\"@id\":\"https:\/\/editorialmediterrania.com\/es\/#organization\"},\"image\":{\"@id\":\"https:\/\/editorialmediterrania.com\/es\/gabriel-janer-manila\/#primaryimage\"},\"thumbnailUrl\":\"https:\/\/editorialmediterrania.com\/wp-content\/uploads\/2015\/07\/Gabriel-Janer-Manila_color.jpg\",\"articleSection\":[\"Autores\"],\"inLanguage\":\"es\"},{\"@type\":\"WebPage\",\"@id\":\"https:\/\/editorialmediterrania.com\/es\/gabriel-janer-manila\/\",\"url\":\"https:\/\/editorialmediterrania.com\/es\/gabriel-janer-manila\/\",\"name\":\"Gabriel Janer Manila - Editorial Mediterr\u00e0nia\",\"isPartOf\":{\"@id\":\"https:\/\/editorialmediterrania.com\/es\/#website\"},\"primaryImageOfPage\":{\"@id\":\"https:\/\/editorialmediterrania.com\/es\/gabriel-janer-manila\/#primaryimage\"},\"image\":{\"@id\":\"https:\/\/editorialmediterrania.com\/es\/gabriel-janer-manila\/#primaryimage\"},\"thumbnailUrl\":\"https:\/\/editorialmediterrania.com\/wp-content\/uploads\/2015\/07\/Gabriel-Janer-Manila_color.jpg\",\"datePublished\":\"2015-07-30T16:33:29+00:00\",\"dateModified\":\"2015-09-14T18:35:33+00:00\",\"description\":\"Descobreix un m\u00f3n de meravelles a trav\u00e9s dels llibres de la nostra editorial especialitzada en art, cultura i natura per a fam\u00edlies. Amb il\u00b7lustracions fascinants i hist\u00f2ries enriquidores, inspirem el descobriment i la curiositat en petits i grans, connectant-los amb el patrimoni cultural i el meravell\u00f3s m\u00f3n natural que ens envolta\",\"inLanguage\":\"es\",\"potentialAction\":[{\"@type\":\"ReadAction\",\"target\":[\"https:\/\/editorialmediterrania.com\/es\/gabriel-janer-manila\/\"]}]},{\"@type\":\"ImageObject\",\"inLanguage\":\"es\",\"@id\":\"https:\/\/editorialmediterrania.com\/es\/gabriel-janer-manila\/#primaryimage\",\"url\":\"https:\/\/editorialmediterrania.com\/wp-content\/uploads\/2015\/07\/Gabriel-Janer-Manila_color.jpg\",\"contentUrl\":\"https:\/\/editorialmediterrania.com\/wp-content\/uploads\/2015\/07\/Gabriel-Janer-Manila_color.jpg\",\"width\":600,\"height\":601},{\"@type\":\"WebSite\",\"@id\":\"https:\/\/editorialmediterrania.com\/es\/#website\",\"url\":\"https:\/\/editorialmediterrania.com\/es\/\",\"name\":\"Editorial Mediterrania\",\"description\":\"Llibres que t\u2019obriran nous mons\",\"publisher\":{\"@id\":\"https:\/\/editorialmediterrania.com\/es\/#organization\"},\"alternateName\":\"Llibres infantils d'art, cultura i natura\",\"potentialAction\":[{\"@type\":\"SearchAction\",\"target\":{\"@type\":\"EntryPoint\",\"urlTemplate\":\"https:\/\/editorialmediterrania.com\/es\/?s={search_term_string}\"},\"query-input\":\"required name=search_term_string\"}],\"inLanguage\":\"es\"},{\"@type\":\"Organization\",\"@id\":\"https:\/\/editorialmediterrania.com\/es\/#organization\",\"name\":\"Editorial Mediterrania\",\"alternateName\":\"Llibres d'art, cultura i natura per infants i fam\u00edlies\",\"url\":\"https:\/\/editorialmediterrania.com\/es\/\",\"logo\":{\"@type\":\"ImageObject\",\"inLanguage\":\"es\",\"@id\":\"https:\/\/editorialmediterrania.com\/es\/#\/schema\/logo\/image\/\",\"url\":\"https:\/\/editorialmediterrania.com\/wp-content\/uploads\/2023\/03\/LOGO-ED_MEDITERRANIA_OK-2.png\",\"contentUrl\":\"https:\/\/editorialmediterrania.com\/wp-content\/uploads\/2023\/03\/LOGO-ED_MEDITERRANIA_OK-2.png\",\"width\":1200,\"height\":300,\"caption\":\"Editorial Mediterrania\"},\"image\":{\"@id\":\"https:\/\/editorialmediterrania.com\/es\/#\/schema\/logo\/image\/\"},\"sameAs\":[\"https:\/\/x.com\/edmediterrania\",\"https:\/\/www.instagram.com\/editorialmediterrania\/\"]},{\"@type\":\"Person\",\"@id\":\"https:\/\/editorialmediterrania.com\/es\/#\/schema\/person\/3b7c22d36bef294596d9cd760ab22957\",\"name\":\"Victor Font\",\"url\":\"https:\/\/editorialmediterrania.com\/es\/author\/victor-font\/\"}]}<\/script>\n<!-- \/ Yoast SEO plugin. -->","yoast_head_json":{"title":"Gabriel Janer Manila - Editorial Mediterr\u00e0nia","description":"Descobreix un m\u00f3n de meravelles a trav\u00e9s dels llibres de la nostra editorial especialitzada en art, cultura i natura per a fam\u00edlies. Amb il\u00b7lustracions fascinants i hist\u00f2ries enriquidores, inspirem el descobriment i la curiositat en petits i grans, connectant-los amb el patrimoni cultural i el meravell\u00f3s m\u00f3n natural que ens envolta","robots":{"index":"index","follow":"follow","max-snippet":"max-snippet:-1","max-image-preview":"max-image-preview:large","max-video-preview":"max-video-preview:-1"},"canonical":"https:\/\/editorialmediterrania.com\/es\/gabriel-janer-manila\/","og_locale":"es_ES","og_type":"article","og_title":"Gabriel Janer Manila - Editorial Mediterr\u00e0nia","og_description":"Descobreix un m\u00f3n de meravelles a trav\u00e9s dels llibres de la nostra editorial especialitzada en art, cultura i natura per a fam\u00edlies. Amb il\u00b7lustracions fascinants i hist\u00f2ries enriquidores, inspirem el descobriment i la curiositat en petits i grans, connectant-los amb el patrimoni cultural i el meravell\u00f3s m\u00f3n natural que ens envolta","og_url":"https:\/\/editorialmediterrania.com\/es\/gabriel-janer-manila\/","og_site_name":"Editorial Mediterr\u00e0nia","article_published_time":"2015-07-30T16:33:29+00:00","article_modified_time":"2015-09-14T18:35:33+00:00","og_image":[{"width":600,"height":601,"url":"https:\/\/editorialmediterrania.com\/wp-content\/uploads\/2015\/07\/Gabriel-Janer-Manila_color.jpg","type":"image\/jpeg"}],"author":"Victor Font","twitter_card":"summary_large_image","twitter_creator":"@edmediterrania","twitter_site":"@edmediterrania","twitter_misc":{"Escrito por":"Victor Font"},"schema":{"@context":"https:\/\/schema.org","@graph":[{"@type":"Article","@id":"https:\/\/editorialmediterrania.com\/es\/gabriel-janer-manila\/#article","isPartOf":{"@id":"https:\/\/editorialmediterrania.com\/es\/gabriel-janer-manila\/"},"author":{"name":"Victor Font","@id":"https:\/\/editorialmediterrania.com\/es\/#\/schema\/person\/3b7c22d36bef294596d9cd760ab22957"},"headline":"Gabriel Janer Manila","datePublished":"2015-07-30T16:33:29+00:00","dateModified":"2015-09-14T18:35:33+00:00","mainEntityOfPage":{"@id":"https:\/\/editorialmediterrania.com\/es\/gabriel-janer-manila\/"},"wordCount":96,"publisher":{"@id":"https:\/\/editorialmediterrania.com\/es\/#organization"},"image":{"@id":"https:\/\/editorialmediterrania.com\/es\/gabriel-janer-manila\/#primaryimage"},"thumbnailUrl":"https:\/\/editorialmediterrania.com\/wp-content\/uploads\/2015\/07\/Gabriel-Janer-Manila_color.jpg","articleSection":["Autores"],"inLanguage":"es"},{"@type":"WebPage","@id":"https:\/\/editorialmediterrania.com\/es\/gabriel-janer-manila\/","url":"https:\/\/editorialmediterrania.com\/es\/gabriel-janer-manila\/","name":"Gabriel Janer Manila - Editorial Mediterr\u00e0nia","isPartOf":{"@id":"https:\/\/editorialmediterrania.com\/es\/#website"},"primaryImageOfPage":{"@id":"https:\/\/editorialmediterrania.com\/es\/gabriel-janer-manila\/#primaryimage"},"image":{"@id":"https:\/\/editorialmediterrania.com\/es\/gabriel-janer-manila\/#primaryimage"},"thumbnailUrl":"https:\/\/editorialmediterrania.com\/wp-content\/uploads\/2015\/07\/Gabriel-Janer-Manila_color.jpg","datePublished":"2015-07-30T16:33:29+00:00","dateModified":"2015-09-14T18:35:33+00:00","description":"Descobreix un m\u00f3n de meravelles a trav\u00e9s dels llibres de la nostra editorial especialitzada en art, cultura i natura per a fam\u00edlies. Amb il\u00b7lustracions fascinants i hist\u00f2ries enriquidores, inspirem el descobriment i la curiositat en petits i grans, connectant-los amb el patrimoni cultural i el meravell\u00f3s m\u00f3n natural que ens envolta","inLanguage":"es","potentialAction":[{"@type":"ReadAction","target":["https:\/\/editorialmediterrania.com\/es\/gabriel-janer-manila\/"]}]},{"@type":"ImageObject","inLanguage":"es","@id":"https:\/\/editorialmediterrania.com\/es\/gabriel-janer-manila\/#primaryimage","url":"https:\/\/editorialmediterrania.com\/wp-content\/uploads\/2015\/07\/Gabriel-Janer-Manila_color.jpg","contentUrl":"https:\/\/editorialmediterrania.com\/wp-content\/uploads\/2015\/07\/Gabriel-Janer-Manila_color.jpg","width":600,"height":601},{"@type":"WebSite","@id":"https:\/\/editorialmediterrania.com\/es\/#website","url":"https:\/\/editorialmediterrania.com\/es\/","name":"Editorial Mediterrania","description":"Llibres que t\u2019obriran nous mons","publisher":{"@id":"https:\/\/editorialmediterrania.com\/es\/#organization"},"alternateName":"Llibres infantils d'art, cultura i natura","potentialAction":[{"@type":"SearchAction","target":{"@type":"EntryPoint","urlTemplate":"https:\/\/editorialmediterrania.com\/es\/?s={search_term_string}"},"query-input":"required name=search_term_string"}],"inLanguage":"es"},{"@type":"Organization","@id":"https:\/\/editorialmediterrania.com\/es\/#organization","name":"Editorial Mediterrania","alternateName":"Llibres d'art, cultura i natura per infants i fam\u00edlies","url":"https:\/\/editorialmediterrania.com\/es\/","logo":{"@type":"ImageObject","inLanguage":"es","@id":"https:\/\/editorialmediterrania.com\/es\/#\/schema\/logo\/image\/","url":"https:\/\/editorialmediterrania.com\/wp-content\/uploads\/2023\/03\/LOGO-ED_MEDITERRANIA_OK-2.png","contentUrl":"https:\/\/editorialmediterrania.com\/wp-content\/uploads\/2023\/03\/LOGO-ED_MEDITERRANIA_OK-2.png","width":1200,"height":300,"caption":"Editorial Mediterrania"},"image":{"@id":"https:\/\/editorialmediterrania.com\/es\/#\/schema\/logo\/image\/"},"sameAs":["https:\/\/x.com\/edmediterrania","https:\/\/www.instagram.com\/editorialmediterrania\/"]},{"@type":"Person","@id":"https:\/\/editorialmediterrania.com\/es\/#\/schema\/person\/3b7c22d36bef294596d9cd760ab22957","name":"Victor Font","url":"https:\/\/editorialmediterrania.com\/es\/author\/victor-font\/"}]}},"_links":{"self":[{"href":"https:\/\/editorialmediterrania.com\/es\/wp-json\/wp\/v2\/posts\/20673","targetHints":{"allow":["GET"]}}],"collection":[{"href":"https:\/\/editorialmediterrania.com\/es\/wp-json\/wp\/v2\/posts"}],"about":[{"href":"https:\/\/editorialmediterrania.com\/es\/wp-json\/wp\/v2\/types\/post"}],"author":[{"embeddable":true,"href":"https:\/\/editorialmediterrania.com\/es\/wp-json\/wp\/v2\/users\/39"}],"replies":[{"embeddable":true,"href":"https:\/\/editorialmediterrania.com\/es\/wp-json\/wp\/v2\/comments?post=20673"}],"version-history":[{"count":0,"href":"https:\/\/editorialmediterrania.com\/es\/wp-json\/wp\/v2\/posts\/20673\/revisions"}],"wp:featuredmedia":[{"embeddable":true,"href":"https:\/\/editorialmediterrania.com\/es\/wp-json\/wp\/v2\/media\/23106"}],"wp:attachment":[{"href":"https:\/\/editorialmediterrania.com\/es\/wp-json\/wp\/v2\/media?parent=20673"}],"wp:term":[{"taxonomy":"category","embeddable":true,"href":"https:\/\/editorialmediterrania.com\/es\/wp-json\/wp\/v2\/categories?post=20673"},{"taxonomy":"post_tag","embeddable":true,"href":"https:\/\/editorialmediterrania.com\/es\/wp-json\/wp\/v2\/tags?post=20673"}],"curies":[{"name":"wp","href":"https:\/\/api.w.org\/{rel}","templated":true}]}}