{"id":23283,"date":"2015-09-16T13:58:50","date_gmt":"2015-09-16T11:58:50","guid":{"rendered":"http:\/\/www.barcelonalab.com\/~editorialmediter\/?p=23283"},"modified":"2015-09-16T14:00:05","modified_gmt":"2015-09-16T12:00:05","slug":"ignasi-blanch","status":"publish","type":"post","link":"https:\/\/editorialmediterrania.com\/es\/ignasi-blanch\/","title":{"rendered":"Ignasi Blanch"},"content":{"rendered":"<p style=\"text-align: justify;\">Licenciado en Bellas Artes por la Universidad de Barcelona, continu\u00f3 sus estudios en Berl\u00edn donde se especializ\u00f3 en t\u00e9cnicas de impresi\u00f3n y grabado en el centro K\u00fcnstlerhaus Bethanien.<\/p>\n<p style=\"text-align: justify;\">Coincidiendo con la ca\u00edda del Muro de Berl\u00edn, fue escogido para participar en el proyecto internacional \u00abEast Side Gallery\u00bb sobre el muro, como \u00fanico representante de Catalu\u00f1a y del Estado espa\u00f1ol.<\/p>\n<p style=\"text-align: justify;\">Trabaja con diversas editoriales, realiza talleres y sesiones did\u00e1cticas para escuelas, bibliotecas y asociaciones relacionadas con la literatura infantil. Desde 2001 colabora con el sal\u00f3n del libro infantil y juvenil de Saarbr\u00fccken (Alemania) ofreciendo una muestra de las principales editoriales de nuestro pa\u00eds.<\/p>\n<p style=\"text-align: justify;\">Es el coordinador de los estudios de ilustraci\u00f3n de la \u00abEscuela de la Mujer\u00bb de la Diputaci\u00f3n de Barcelona (Premio Junceda de Honor 2005).<\/p>\n","protected":false},"excerpt":{"rendered":"<p>Licenciado en Bellas Artes por la Universidad de Barcelona, continu\u00f3 sus estudios en Berl\u00edn donde se especializ\u00f3 en t\u00e9cnicas de impresi\u00f3n y grabado en el centro K\u00fcnstlerhaus Bethanien. Coincidiendo con la ca\u00edda del Muro de Berl\u00edn, fue escogido para participar en el proyecto internacional \u00abEast Side Gallery\u00bb sobre el muro, como \u00fanico representante de Catalu\u00f1a [&hellip;]<\/p>\n","protected":false},"author":39,"featured_media":23280,"comment_status":"closed","ping_status":"open","sticky":false,"template":"","format":"standard","meta":{"footnotes":""},"categories":[301],"tags":[],"class_list":["post-23283","post","type-post","status-publish","format-standard","has-post-thumbnail","hentry","category-ilustradores"],"acf":[],"yoast_head":"<!-- This site is optimized with the Yoast SEO plugin v22.8 - https:\/\/yoast.com\/wordpress\/plugins\/seo\/ -->\n<title>Ignasi Blanch - Editorial Mediterr\u00e0nia<\/title>\n<meta name=\"description\" content=\"Descobreix un m\u00f3n de meravelles a trav\u00e9s dels llibres de la nostra editorial especialitzada en art, cultura i natura per a fam\u00edlies. Amb il\u00b7lustracions fascinants i hist\u00f2ries enriquidores, inspirem el descobriment i la curiositat en petits i grans, connectant-los amb el patrimoni cultural i el meravell\u00f3s m\u00f3n natural que ens envolta\" \/>\n<meta name=\"robots\" content=\"index, follow, max-snippet:-1, max-image-preview:large, max-video-preview:-1\" \/>\n<link rel=\"canonical\" href=\"https:\/\/editorialmediterrania.com\/es\/ignasi-blanch\/\" \/>\n<meta property=\"og:locale\" content=\"es_ES\" \/>\n<meta property=\"og:type\" content=\"article\" \/>\n<meta property=\"og:title\" content=\"Ignasi Blanch - Editorial Mediterr\u00e0nia\" \/>\n<meta property=\"og:description\" content=\"Descobreix un m\u00f3n de meravelles a trav\u00e9s dels llibres de la nostra editorial especialitzada en art, cultura i natura per a fam\u00edlies. Amb il\u00b7lustracions fascinants i hist\u00f2ries enriquidores, inspirem el descobriment i la curiositat en petits i grans, connectant-los amb el patrimoni cultural i el meravell\u00f3s m\u00f3n natural que ens envolta\" \/>\n<meta property=\"og:url\" content=\"https:\/\/editorialmediterrania.com\/es\/ignasi-blanch\/\" \/>\n<meta property=\"og:site_name\" content=\"Editorial Mediterr\u00e0nia\" \/>\n<meta property=\"article:published_time\" content=\"2015-09-16T11:58:50+00:00\" \/>\n<meta property=\"article:modified_time\" content=\"2015-09-16T12:00:05+00:00\" \/>\n<meta property=\"og:image\" content=\"https:\/\/editorialmediterrania.com\/wp-content\/uploads\/2015\/09\/Ignasi-Blanch.jpg\" \/>\n\t<meta property=\"og:image:width\" content=\"600\" \/>\n\t<meta property=\"og:image:height\" content=\"842\" \/>\n\t<meta property=\"og:image:type\" content=\"image\/jpeg\" \/>\n<meta name=\"author\" content=\"Victor Font\" \/>\n<meta name=\"twitter:card\" content=\"summary_large_image\" \/>\n<meta name=\"twitter:creator\" content=\"@edmediterrania\" \/>\n<meta name=\"twitter:site\" content=\"@edmediterrania\" \/>\n<meta name=\"twitter:label1\" content=\"Escrito por\" \/>\n\t<meta name=\"twitter:data1\" content=\"Victor Font\" \/>\n\t<meta name=\"twitter:label2\" content=\"Tiempo de lectura\" \/>\n\t<meta name=\"twitter:data2\" content=\"1 minuto\" \/>\n<script type=\"application\/ld+json\" class=\"yoast-schema-graph\">{\"@context\":\"https:\/\/schema.org\",\"@graph\":[{\"@type\":\"Article\",\"@id\":\"https:\/\/editorialmediterrania.com\/es\/ignasi-blanch\/#article\",\"isPartOf\":{\"@id\":\"https:\/\/editorialmediterrania.com\/es\/ignasi-blanch\/\"},\"author\":{\"name\":\"Victor Font\",\"@id\":\"https:\/\/editorialmediterrania.com\/es\/#\/schema\/person\/3b7c22d36bef294596d9cd760ab22957\"},\"headline\":\"Ignasi Blanch\",\"datePublished\":\"2015-09-16T11:58:50+00:00\",\"dateModified\":\"2015-09-16T12:00:05+00:00\",\"mainEntityOfPage\":{\"@id\":\"https:\/\/editorialmediterrania.com\/es\/ignasi-blanch\/\"},\"wordCount\":140,\"publisher\":{\"@id\":\"https:\/\/editorialmediterrania.com\/es\/#organization\"},\"image\":{\"@id\":\"https:\/\/editorialmediterrania.com\/es\/ignasi-blanch\/#primaryimage\"},\"thumbnailUrl\":\"https:\/\/editorialmediterrania.com\/wp-content\/uploads\/2015\/09\/Ignasi-Blanch.jpg\",\"articleSection\":[\"Ilustradores\"],\"inLanguage\":\"es\"},{\"@type\":\"WebPage\",\"@id\":\"https:\/\/editorialmediterrania.com\/es\/ignasi-blanch\/\",\"url\":\"https:\/\/editorialmediterrania.com\/es\/ignasi-blanch\/\",\"name\":\"Ignasi Blanch - Editorial Mediterr\u00e0nia\",\"isPartOf\":{\"@id\":\"https:\/\/editorialmediterrania.com\/es\/#website\"},\"primaryImageOfPage\":{\"@id\":\"https:\/\/editorialmediterrania.com\/es\/ignasi-blanch\/#primaryimage\"},\"image\":{\"@id\":\"https:\/\/editorialmediterrania.com\/es\/ignasi-blanch\/#primaryimage\"},\"thumbnailUrl\":\"https:\/\/editorialmediterrania.com\/wp-content\/uploads\/2015\/09\/Ignasi-Blanch.jpg\",\"datePublished\":\"2015-09-16T11:58:50+00:00\",\"dateModified\":\"2015-09-16T12:00:05+00:00\",\"description\":\"Descobreix un m\u00f3n de meravelles a trav\u00e9s dels llibres de la nostra editorial especialitzada en art, cultura i natura per a fam\u00edlies. Amb il\u00b7lustracions fascinants i hist\u00f2ries enriquidores, inspirem el descobriment i la curiositat en petits i grans, connectant-los amb el patrimoni cultural i el meravell\u00f3s m\u00f3n natural que ens envolta\",\"inLanguage\":\"es\",\"potentialAction\":[{\"@type\":\"ReadAction\",\"target\":[\"https:\/\/editorialmediterrania.com\/es\/ignasi-blanch\/\"]}]},{\"@type\":\"ImageObject\",\"inLanguage\":\"es\",\"@id\":\"https:\/\/editorialmediterrania.com\/es\/ignasi-blanch\/#primaryimage\",\"url\":\"https:\/\/editorialmediterrania.com\/wp-content\/uploads\/2015\/09\/Ignasi-Blanch.jpg\",\"contentUrl\":\"https:\/\/editorialmediterrania.com\/wp-content\/uploads\/2015\/09\/Ignasi-Blanch.jpg\",\"width\":600,\"height\":842},{\"@type\":\"WebSite\",\"@id\":\"https:\/\/editorialmediterrania.com\/es\/#website\",\"url\":\"https:\/\/editorialmediterrania.com\/es\/\",\"name\":\"Editorial Mediterrania\",\"description\":\"Llibres que t\u2019obriran nous mons\",\"publisher\":{\"@id\":\"https:\/\/editorialmediterrania.com\/es\/#organization\"},\"alternateName\":\"Llibres infantils d'art, cultura i natura\",\"potentialAction\":[{\"@type\":\"SearchAction\",\"target\":{\"@type\":\"EntryPoint\",\"urlTemplate\":\"https:\/\/editorialmediterrania.com\/es\/?s={search_term_string}\"},\"query-input\":\"required name=search_term_string\"}],\"inLanguage\":\"es\"},{\"@type\":\"Organization\",\"@id\":\"https:\/\/editorialmediterrania.com\/es\/#organization\",\"name\":\"Editorial Mediterrania\",\"alternateName\":\"Llibres d'art, cultura i natura per infants i fam\u00edlies\",\"url\":\"https:\/\/editorialmediterrania.com\/es\/\",\"logo\":{\"@type\":\"ImageObject\",\"inLanguage\":\"es\",\"@id\":\"https:\/\/editorialmediterrania.com\/es\/#\/schema\/logo\/image\/\",\"url\":\"https:\/\/editorialmediterrania.com\/wp-content\/uploads\/2023\/03\/LOGO-ED_MEDITERRANIA_OK-2.png\",\"contentUrl\":\"https:\/\/editorialmediterrania.com\/wp-content\/uploads\/2023\/03\/LOGO-ED_MEDITERRANIA_OK-2.png\",\"width\":1200,\"height\":300,\"caption\":\"Editorial Mediterrania\"},\"image\":{\"@id\":\"https:\/\/editorialmediterrania.com\/es\/#\/schema\/logo\/image\/\"},\"sameAs\":[\"https:\/\/x.com\/edmediterrania\",\"https:\/\/www.instagram.com\/editorialmediterrania\/\"]},{\"@type\":\"Person\",\"@id\":\"https:\/\/editorialmediterrania.com\/es\/#\/schema\/person\/3b7c22d36bef294596d9cd760ab22957\",\"name\":\"Victor Font\",\"url\":\"https:\/\/editorialmediterrania.com\/es\/author\/victor-font\/\"}]}<\/script>\n<!-- \/ Yoast SEO plugin. -->","yoast_head_json":{"title":"Ignasi Blanch - Editorial Mediterr\u00e0nia","description":"Descobreix un m\u00f3n de meravelles a trav\u00e9s dels llibres de la nostra editorial especialitzada en art, cultura i natura per a fam\u00edlies. Amb il\u00b7lustracions fascinants i hist\u00f2ries enriquidores, inspirem el descobriment i la curiositat en petits i grans, connectant-los amb el patrimoni cultural i el meravell\u00f3s m\u00f3n natural que ens envolta","robots":{"index":"index","follow":"follow","max-snippet":"max-snippet:-1","max-image-preview":"max-image-preview:large","max-video-preview":"max-video-preview:-1"},"canonical":"https:\/\/editorialmediterrania.com\/es\/ignasi-blanch\/","og_locale":"es_ES","og_type":"article","og_title":"Ignasi Blanch - Editorial Mediterr\u00e0nia","og_description":"Descobreix un m\u00f3n de meravelles a trav\u00e9s dels llibres de la nostra editorial especialitzada en art, cultura i natura per a fam\u00edlies. Amb il\u00b7lustracions fascinants i hist\u00f2ries enriquidores, inspirem el descobriment i la curiositat en petits i grans, connectant-los amb el patrimoni cultural i el meravell\u00f3s m\u00f3n natural que ens envolta","og_url":"https:\/\/editorialmediterrania.com\/es\/ignasi-blanch\/","og_site_name":"Editorial Mediterr\u00e0nia","article_published_time":"2015-09-16T11:58:50+00:00","article_modified_time":"2015-09-16T12:00:05+00:00","og_image":[{"width":600,"height":842,"url":"https:\/\/editorialmediterrania.com\/wp-content\/uploads\/2015\/09\/Ignasi-Blanch.jpg","type":"image\/jpeg"}],"author":"Victor Font","twitter_card":"summary_large_image","twitter_creator":"@edmediterrania","twitter_site":"@edmediterrania","twitter_misc":{"Escrito por":"Victor Font","Tiempo de lectura":"1 minuto"},"schema":{"@context":"https:\/\/schema.org","@graph":[{"@type":"Article","@id":"https:\/\/editorialmediterrania.com\/es\/ignasi-blanch\/#article","isPartOf":{"@id":"https:\/\/editorialmediterrania.com\/es\/ignasi-blanch\/"},"author":{"name":"Victor Font","@id":"https:\/\/editorialmediterrania.com\/es\/#\/schema\/person\/3b7c22d36bef294596d9cd760ab22957"},"headline":"Ignasi Blanch","datePublished":"2015-09-16T11:58:50+00:00","dateModified":"2015-09-16T12:00:05+00:00","mainEntityOfPage":{"@id":"https:\/\/editorialmediterrania.com\/es\/ignasi-blanch\/"},"wordCount":140,"publisher":{"@id":"https:\/\/editorialmediterrania.com\/es\/#organization"},"image":{"@id":"https:\/\/editorialmediterrania.com\/es\/ignasi-blanch\/#primaryimage"},"thumbnailUrl":"https:\/\/editorialmediterrania.com\/wp-content\/uploads\/2015\/09\/Ignasi-Blanch.jpg","articleSection":["Ilustradores"],"inLanguage":"es"},{"@type":"WebPage","@id":"https:\/\/editorialmediterrania.com\/es\/ignasi-blanch\/","url":"https:\/\/editorialmediterrania.com\/es\/ignasi-blanch\/","name":"Ignasi Blanch - Editorial Mediterr\u00e0nia","isPartOf":{"@id":"https:\/\/editorialmediterrania.com\/es\/#website"},"primaryImageOfPage":{"@id":"https:\/\/editorialmediterrania.com\/es\/ignasi-blanch\/#primaryimage"},"image":{"@id":"https:\/\/editorialmediterrania.com\/es\/ignasi-blanch\/#primaryimage"},"thumbnailUrl":"https:\/\/editorialmediterrania.com\/wp-content\/uploads\/2015\/09\/Ignasi-Blanch.jpg","datePublished":"2015-09-16T11:58:50+00:00","dateModified":"2015-09-16T12:00:05+00:00","description":"Descobreix un m\u00f3n de meravelles a trav\u00e9s dels llibres de la nostra editorial especialitzada en art, cultura i natura per a fam\u00edlies. Amb il\u00b7lustracions fascinants i hist\u00f2ries enriquidores, inspirem el descobriment i la curiositat en petits i grans, connectant-los amb el patrimoni cultural i el meravell\u00f3s m\u00f3n natural que ens envolta","inLanguage":"es","potentialAction":[{"@type":"ReadAction","target":["https:\/\/editorialmediterrania.com\/es\/ignasi-blanch\/"]}]},{"@type":"ImageObject","inLanguage":"es","@id":"https:\/\/editorialmediterrania.com\/es\/ignasi-blanch\/#primaryimage","url":"https:\/\/editorialmediterrania.com\/wp-content\/uploads\/2015\/09\/Ignasi-Blanch.jpg","contentUrl":"https:\/\/editorialmediterrania.com\/wp-content\/uploads\/2015\/09\/Ignasi-Blanch.jpg","width":600,"height":842},{"@type":"WebSite","@id":"https:\/\/editorialmediterrania.com\/es\/#website","url":"https:\/\/editorialmediterrania.com\/es\/","name":"Editorial Mediterrania","description":"Llibres que t\u2019obriran nous mons","publisher":{"@id":"https:\/\/editorialmediterrania.com\/es\/#organization"},"alternateName":"Llibres infantils d'art, cultura i natura","potentialAction":[{"@type":"SearchAction","target":{"@type":"EntryPoint","urlTemplate":"https:\/\/editorialmediterrania.com\/es\/?s={search_term_string}"},"query-input":"required name=search_term_string"}],"inLanguage":"es"},{"@type":"Organization","@id":"https:\/\/editorialmediterrania.com\/es\/#organization","name":"Editorial Mediterrania","alternateName":"Llibres d'art, cultura i natura per infants i fam\u00edlies","url":"https:\/\/editorialmediterrania.com\/es\/","logo":{"@type":"ImageObject","inLanguage":"es","@id":"https:\/\/editorialmediterrania.com\/es\/#\/schema\/logo\/image\/","url":"https:\/\/editorialmediterrania.com\/wp-content\/uploads\/2023\/03\/LOGO-ED_MEDITERRANIA_OK-2.png","contentUrl":"https:\/\/editorialmediterrania.com\/wp-content\/uploads\/2023\/03\/LOGO-ED_MEDITERRANIA_OK-2.png","width":1200,"height":300,"caption":"Editorial Mediterrania"},"image":{"@id":"https:\/\/editorialmediterrania.com\/es\/#\/schema\/logo\/image\/"},"sameAs":["https:\/\/x.com\/edmediterrania","https:\/\/www.instagram.com\/editorialmediterrania\/"]},{"@type":"Person","@id":"https:\/\/editorialmediterrania.com\/es\/#\/schema\/person\/3b7c22d36bef294596d9cd760ab22957","name":"Victor Font","url":"https:\/\/editorialmediterrania.com\/es\/author\/victor-font\/"}]}},"_links":{"self":[{"href":"https:\/\/editorialmediterrania.com\/es\/wp-json\/wp\/v2\/posts\/23283","targetHints":{"allow":["GET"]}}],"collection":[{"href":"https:\/\/editorialmediterrania.com\/es\/wp-json\/wp\/v2\/posts"}],"about":[{"href":"https:\/\/editorialmediterrania.com\/es\/wp-json\/wp\/v2\/types\/post"}],"author":[{"embeddable":true,"href":"https:\/\/editorialmediterrania.com\/es\/wp-json\/wp\/v2\/users\/39"}],"replies":[{"embeddable":true,"href":"https:\/\/editorialmediterrania.com\/es\/wp-json\/wp\/v2\/comments?post=23283"}],"version-history":[{"count":0,"href":"https:\/\/editorialmediterrania.com\/es\/wp-json\/wp\/v2\/posts\/23283\/revisions"}],"wp:featuredmedia":[{"embeddable":true,"href":"https:\/\/editorialmediterrania.com\/es\/wp-json\/wp\/v2\/media\/23280"}],"wp:attachment":[{"href":"https:\/\/editorialmediterrania.com\/es\/wp-json\/wp\/v2\/media?parent=23283"}],"wp:term":[{"taxonomy":"category","embeddable":true,"href":"https:\/\/editorialmediterrania.com\/es\/wp-json\/wp\/v2\/categories?post=23283"},{"taxonomy":"post_tag","embeddable":true,"href":"https:\/\/editorialmediterrania.com\/es\/wp-json\/wp\/v2\/tags?post=23283"}],"curies":[{"name":"wp","href":"https:\/\/api.w.org\/{rel}","templated":true}]}}