{"id":25451,"date":"2015-12-10T13:41:22","date_gmt":"2015-12-10T12:41:22","guid":{"rendered":"http:\/\/editorialmediterrania.com\/?p=25451"},"modified":"2016-01-26T09:54:31","modified_gmt":"2016-01-26T08:54:31","slug":"ricard-pedrals","status":"publish","type":"post","link":"https:\/\/editorialmediterrania.com\/es\/ricard-pedrals\/","title":{"rendered":"Ricard Pedrals"},"content":{"rendered":"<p>Granollers, 1920. Miliciano de cultura en el ej\u00e9rcito\u00a0de la Rep\u00fablica (Brigada 93, primer batall\u00f3n, primera compa\u00f1\u00eda) de 1938 al 1939. Licenciado en Filosof\u00eda y Letras (Secci\u00f3n Filosof\u00eda), el junio del 1946, por la Universitat de Barcelona. Condenado a un a\u00f1o de prisi\u00f3n por el tribunal de orden p\u00fablico (TOP). Profesor y pedagogo en la escuela Municipal Reina Violando de Barcelona. Antiguo Consiliari General de l&#8217;Escoltisme.<\/p>\n","protected":false},"excerpt":{"rendered":"<p>Granollers, 1920. Miliciano de cultura en el ej\u00e9rcito\u00a0de la Rep\u00fablica (Brigada 93, primer batall\u00f3n, primera compa\u00f1\u00eda) de 1938 al 1939. Licenciado en Filosof\u00eda y Letras (Secci\u00f3n Filosof\u00eda), el junio del 1946, por la Universitat de Barcelona. Condenado a un a\u00f1o de prisi\u00f3n por el tribunal de orden p\u00fablico (TOP). Profesor y pedagogo en la escuela [&hellip;]<\/p>\n","protected":false},"author":39,"featured_media":25936,"comment_status":"closed","ping_status":"open","sticky":false,"template":"","format":"standard","meta":{"footnotes":""},"categories":[299,37],"tags":[],"class_list":["post-25451","post","type-post","status-publish","format-standard","has-post-thumbnail","hentry","category-autores","category-autores-e-ilustradores"],"acf":[],"yoast_head":"<!-- This site is optimized with the Yoast SEO plugin v22.8 - https:\/\/yoast.com\/wordpress\/plugins\/seo\/ -->\n<title>Ricard Pedrals - Editorial Mediterr\u00e0nia<\/title>\n<meta name=\"description\" content=\"Descobreix un m\u00f3n de meravelles a trav\u00e9s dels llibres de la nostra editorial especialitzada en art, cultura i natura per a fam\u00edlies. Amb il\u00b7lustracions fascinants i hist\u00f2ries enriquidores, inspirem el descobriment i la curiositat en petits i grans, connectant-los amb el patrimoni cultural i el meravell\u00f3s m\u00f3n natural que ens envolta\" \/>\n<meta name=\"robots\" content=\"index, follow, max-snippet:-1, max-image-preview:large, max-video-preview:-1\" \/>\n<link rel=\"canonical\" href=\"https:\/\/editorialmediterrania.com\/es\/ricard-pedrals\/\" \/>\n<meta property=\"og:locale\" content=\"es_ES\" \/>\n<meta property=\"og:type\" content=\"article\" \/>\n<meta property=\"og:title\" content=\"Ricard Pedrals - Editorial Mediterr\u00e0nia\" \/>\n<meta property=\"og:description\" content=\"Descobreix un m\u00f3n de meravelles a trav\u00e9s dels llibres de la nostra editorial especialitzada en art, cultura i natura per a fam\u00edlies. Amb il\u00b7lustracions fascinants i hist\u00f2ries enriquidores, inspirem el descobriment i la curiositat en petits i grans, connectant-los amb el patrimoni cultural i el meravell\u00f3s m\u00f3n natural que ens envolta\" \/>\n<meta property=\"og:url\" content=\"https:\/\/editorialmediterrania.com\/es\/ricard-pedrals\/\" \/>\n<meta property=\"og:site_name\" content=\"Editorial Mediterr\u00e0nia\" \/>\n<meta property=\"article:published_time\" content=\"2015-12-10T12:41:22+00:00\" \/>\n<meta property=\"article:modified_time\" content=\"2016-01-26T08:54:31+00:00\" \/>\n<meta property=\"og:image\" content=\"https:\/\/editorialmediterrania.com\/wp-content\/uploads\/2015\/12\/Ricard-Pedrals.jpg\" \/>\n\t<meta property=\"og:image:width\" content=\"1536\" \/>\n\t<meta property=\"og:image:height\" content=\"2560\" \/>\n\t<meta property=\"og:image:type\" content=\"image\/jpeg\" \/>\n<meta name=\"author\" content=\"Victor Font\" \/>\n<meta name=\"twitter:card\" content=\"summary_large_image\" \/>\n<meta name=\"twitter:creator\" content=\"@edmediterrania\" \/>\n<meta name=\"twitter:site\" content=\"@edmediterrania\" \/>\n<meta name=\"twitter:label1\" content=\"Escrito por\" \/>\n\t<meta name=\"twitter:data1\" content=\"Victor Font\" \/>\n<script type=\"application\/ld+json\" class=\"yoast-schema-graph\">{\"@context\":\"https:\/\/schema.org\",\"@graph\":[{\"@type\":\"Article\",\"@id\":\"https:\/\/editorialmediterrania.com\/es\/ricard-pedrals\/#article\",\"isPartOf\":{\"@id\":\"https:\/\/editorialmediterrania.com\/es\/ricard-pedrals\/\"},\"author\":{\"name\":\"Victor Font\",\"@id\":\"https:\/\/editorialmediterrania.com\/es\/#\/schema\/person\/3b7c22d36bef294596d9cd760ab22957\"},\"headline\":\"Ricard Pedrals\",\"datePublished\":\"2015-12-10T12:41:22+00:00\",\"dateModified\":\"2016-01-26T08:54:31+00:00\",\"mainEntityOfPage\":{\"@id\":\"https:\/\/editorialmediterrania.com\/es\/ricard-pedrals\/\"},\"wordCount\":74,\"publisher\":{\"@id\":\"https:\/\/editorialmediterrania.com\/es\/#organization\"},\"image\":{\"@id\":\"https:\/\/editorialmediterrania.com\/es\/ricard-pedrals\/#primaryimage\"},\"thumbnailUrl\":\"https:\/\/editorialmediterrania.com\/wp-content\/uploads\/2015\/12\/Ricard-Pedrals.jpg\",\"articleSection\":[\"Autores\",\"Autores e ilustradores\"],\"inLanguage\":\"es\"},{\"@type\":\"WebPage\",\"@id\":\"https:\/\/editorialmediterrania.com\/es\/ricard-pedrals\/\",\"url\":\"https:\/\/editorialmediterrania.com\/es\/ricard-pedrals\/\",\"name\":\"Ricard Pedrals - Editorial Mediterr\u00e0nia\",\"isPartOf\":{\"@id\":\"https:\/\/editorialmediterrania.com\/es\/#website\"},\"primaryImageOfPage\":{\"@id\":\"https:\/\/editorialmediterrania.com\/es\/ricard-pedrals\/#primaryimage\"},\"image\":{\"@id\":\"https:\/\/editorialmediterrania.com\/es\/ricard-pedrals\/#primaryimage\"},\"thumbnailUrl\":\"https:\/\/editorialmediterrania.com\/wp-content\/uploads\/2015\/12\/Ricard-Pedrals.jpg\",\"datePublished\":\"2015-12-10T12:41:22+00:00\",\"dateModified\":\"2016-01-26T08:54:31+00:00\",\"description\":\"Descobreix un m\u00f3n de meravelles a trav\u00e9s dels llibres de la nostra editorial especialitzada en art, cultura i natura per a fam\u00edlies. Amb il\u00b7lustracions fascinants i hist\u00f2ries enriquidores, inspirem el descobriment i la curiositat en petits i grans, connectant-los amb el patrimoni cultural i el meravell\u00f3s m\u00f3n natural que ens envolta\",\"inLanguage\":\"es\",\"potentialAction\":[{\"@type\":\"ReadAction\",\"target\":[\"https:\/\/editorialmediterrania.com\/es\/ricard-pedrals\/\"]}]},{\"@type\":\"ImageObject\",\"inLanguage\":\"es\",\"@id\":\"https:\/\/editorialmediterrania.com\/es\/ricard-pedrals\/#primaryimage\",\"url\":\"https:\/\/editorialmediterrania.com\/wp-content\/uploads\/2015\/12\/Ricard-Pedrals.jpg\",\"contentUrl\":\"https:\/\/editorialmediterrania.com\/wp-content\/uploads\/2015\/12\/Ricard-Pedrals.jpg\",\"width\":1536,\"height\":2560},{\"@type\":\"WebSite\",\"@id\":\"https:\/\/editorialmediterrania.com\/es\/#website\",\"url\":\"https:\/\/editorialmediterrania.com\/es\/\",\"name\":\"Editorial Mediterrania\",\"description\":\"Llibres que t\u2019obriran nous mons\",\"publisher\":{\"@id\":\"https:\/\/editorialmediterrania.com\/es\/#organization\"},\"alternateName\":\"Llibres infantils d'art, cultura i natura\",\"potentialAction\":[{\"@type\":\"SearchAction\",\"target\":{\"@type\":\"EntryPoint\",\"urlTemplate\":\"https:\/\/editorialmediterrania.com\/es\/?s={search_term_string}\"},\"query-input\":\"required name=search_term_string\"}],\"inLanguage\":\"es\"},{\"@type\":\"Organization\",\"@id\":\"https:\/\/editorialmediterrania.com\/es\/#organization\",\"name\":\"Editorial Mediterrania\",\"alternateName\":\"Llibres d'art, cultura i natura per infants i fam\u00edlies\",\"url\":\"https:\/\/editorialmediterrania.com\/es\/\",\"logo\":{\"@type\":\"ImageObject\",\"inLanguage\":\"es\",\"@id\":\"https:\/\/editorialmediterrania.com\/es\/#\/schema\/logo\/image\/\",\"url\":\"https:\/\/editorialmediterrania.com\/wp-content\/uploads\/2023\/03\/LOGO-ED_MEDITERRANIA_OK-2.png\",\"contentUrl\":\"https:\/\/editorialmediterrania.com\/wp-content\/uploads\/2023\/03\/LOGO-ED_MEDITERRANIA_OK-2.png\",\"width\":1200,\"height\":300,\"caption\":\"Editorial Mediterrania\"},\"image\":{\"@id\":\"https:\/\/editorialmediterrania.com\/es\/#\/schema\/logo\/image\/\"},\"sameAs\":[\"https:\/\/x.com\/edmediterrania\",\"https:\/\/www.instagram.com\/editorialmediterrania\/\"]},{\"@type\":\"Person\",\"@id\":\"https:\/\/editorialmediterrania.com\/es\/#\/schema\/person\/3b7c22d36bef294596d9cd760ab22957\",\"name\":\"Victor Font\",\"url\":\"https:\/\/editorialmediterrania.com\/es\/author\/victor-font\/\"}]}<\/script>\n<!-- \/ Yoast SEO plugin. -->","yoast_head_json":{"title":"Ricard Pedrals - Editorial Mediterr\u00e0nia","description":"Descobreix un m\u00f3n de meravelles a trav\u00e9s dels llibres de la nostra editorial especialitzada en art, cultura i natura per a fam\u00edlies. Amb il\u00b7lustracions fascinants i hist\u00f2ries enriquidores, inspirem el descobriment i la curiositat en petits i grans, connectant-los amb el patrimoni cultural i el meravell\u00f3s m\u00f3n natural que ens envolta","robots":{"index":"index","follow":"follow","max-snippet":"max-snippet:-1","max-image-preview":"max-image-preview:large","max-video-preview":"max-video-preview:-1"},"canonical":"https:\/\/editorialmediterrania.com\/es\/ricard-pedrals\/","og_locale":"es_ES","og_type":"article","og_title":"Ricard Pedrals - Editorial Mediterr\u00e0nia","og_description":"Descobreix un m\u00f3n de meravelles a trav\u00e9s dels llibres de la nostra editorial especialitzada en art, cultura i natura per a fam\u00edlies. Amb il\u00b7lustracions fascinants i hist\u00f2ries enriquidores, inspirem el descobriment i la curiositat en petits i grans, connectant-los amb el patrimoni cultural i el meravell\u00f3s m\u00f3n natural que ens envolta","og_url":"https:\/\/editorialmediterrania.com\/es\/ricard-pedrals\/","og_site_name":"Editorial Mediterr\u00e0nia","article_published_time":"2015-12-10T12:41:22+00:00","article_modified_time":"2016-01-26T08:54:31+00:00","og_image":[{"width":1536,"height":2560,"url":"https:\/\/editorialmediterrania.com\/wp-content\/uploads\/2015\/12\/Ricard-Pedrals.jpg","type":"image\/jpeg"}],"author":"Victor Font","twitter_card":"summary_large_image","twitter_creator":"@edmediterrania","twitter_site":"@edmediterrania","twitter_misc":{"Escrito por":"Victor Font"},"schema":{"@context":"https:\/\/schema.org","@graph":[{"@type":"Article","@id":"https:\/\/editorialmediterrania.com\/es\/ricard-pedrals\/#article","isPartOf":{"@id":"https:\/\/editorialmediterrania.com\/es\/ricard-pedrals\/"},"author":{"name":"Victor Font","@id":"https:\/\/editorialmediterrania.com\/es\/#\/schema\/person\/3b7c22d36bef294596d9cd760ab22957"},"headline":"Ricard Pedrals","datePublished":"2015-12-10T12:41:22+00:00","dateModified":"2016-01-26T08:54:31+00:00","mainEntityOfPage":{"@id":"https:\/\/editorialmediterrania.com\/es\/ricard-pedrals\/"},"wordCount":74,"publisher":{"@id":"https:\/\/editorialmediterrania.com\/es\/#organization"},"image":{"@id":"https:\/\/editorialmediterrania.com\/es\/ricard-pedrals\/#primaryimage"},"thumbnailUrl":"https:\/\/editorialmediterrania.com\/wp-content\/uploads\/2015\/12\/Ricard-Pedrals.jpg","articleSection":["Autores","Autores e ilustradores"],"inLanguage":"es"},{"@type":"WebPage","@id":"https:\/\/editorialmediterrania.com\/es\/ricard-pedrals\/","url":"https:\/\/editorialmediterrania.com\/es\/ricard-pedrals\/","name":"Ricard Pedrals - Editorial Mediterr\u00e0nia","isPartOf":{"@id":"https:\/\/editorialmediterrania.com\/es\/#website"},"primaryImageOfPage":{"@id":"https:\/\/editorialmediterrania.com\/es\/ricard-pedrals\/#primaryimage"},"image":{"@id":"https:\/\/editorialmediterrania.com\/es\/ricard-pedrals\/#primaryimage"},"thumbnailUrl":"https:\/\/editorialmediterrania.com\/wp-content\/uploads\/2015\/12\/Ricard-Pedrals.jpg","datePublished":"2015-12-10T12:41:22+00:00","dateModified":"2016-01-26T08:54:31+00:00","description":"Descobreix un m\u00f3n de meravelles a trav\u00e9s dels llibres de la nostra editorial especialitzada en art, cultura i natura per a fam\u00edlies. Amb il\u00b7lustracions fascinants i hist\u00f2ries enriquidores, inspirem el descobriment i la curiositat en petits i grans, connectant-los amb el patrimoni cultural i el meravell\u00f3s m\u00f3n natural que ens envolta","inLanguage":"es","potentialAction":[{"@type":"ReadAction","target":["https:\/\/editorialmediterrania.com\/es\/ricard-pedrals\/"]}]},{"@type":"ImageObject","inLanguage":"es","@id":"https:\/\/editorialmediterrania.com\/es\/ricard-pedrals\/#primaryimage","url":"https:\/\/editorialmediterrania.com\/wp-content\/uploads\/2015\/12\/Ricard-Pedrals.jpg","contentUrl":"https:\/\/editorialmediterrania.com\/wp-content\/uploads\/2015\/12\/Ricard-Pedrals.jpg","width":1536,"height":2560},{"@type":"WebSite","@id":"https:\/\/editorialmediterrania.com\/es\/#website","url":"https:\/\/editorialmediterrania.com\/es\/","name":"Editorial Mediterrania","description":"Llibres que t\u2019obriran nous mons","publisher":{"@id":"https:\/\/editorialmediterrania.com\/es\/#organization"},"alternateName":"Llibres infantils d'art, cultura i natura","potentialAction":[{"@type":"SearchAction","target":{"@type":"EntryPoint","urlTemplate":"https:\/\/editorialmediterrania.com\/es\/?s={search_term_string}"},"query-input":"required name=search_term_string"}],"inLanguage":"es"},{"@type":"Organization","@id":"https:\/\/editorialmediterrania.com\/es\/#organization","name":"Editorial Mediterrania","alternateName":"Llibres d'art, cultura i natura per infants i fam\u00edlies","url":"https:\/\/editorialmediterrania.com\/es\/","logo":{"@type":"ImageObject","inLanguage":"es","@id":"https:\/\/editorialmediterrania.com\/es\/#\/schema\/logo\/image\/","url":"https:\/\/editorialmediterrania.com\/wp-content\/uploads\/2023\/03\/LOGO-ED_MEDITERRANIA_OK-2.png","contentUrl":"https:\/\/editorialmediterrania.com\/wp-content\/uploads\/2023\/03\/LOGO-ED_MEDITERRANIA_OK-2.png","width":1200,"height":300,"caption":"Editorial Mediterrania"},"image":{"@id":"https:\/\/editorialmediterrania.com\/es\/#\/schema\/logo\/image\/"},"sameAs":["https:\/\/x.com\/edmediterrania","https:\/\/www.instagram.com\/editorialmediterrania\/"]},{"@type":"Person","@id":"https:\/\/editorialmediterrania.com\/es\/#\/schema\/person\/3b7c22d36bef294596d9cd760ab22957","name":"Victor Font","url":"https:\/\/editorialmediterrania.com\/es\/author\/victor-font\/"}]}},"_links":{"self":[{"href":"https:\/\/editorialmediterrania.com\/es\/wp-json\/wp\/v2\/posts\/25451","targetHints":{"allow":["GET"]}}],"collection":[{"href":"https:\/\/editorialmediterrania.com\/es\/wp-json\/wp\/v2\/posts"}],"about":[{"href":"https:\/\/editorialmediterrania.com\/es\/wp-json\/wp\/v2\/types\/post"}],"author":[{"embeddable":true,"href":"https:\/\/editorialmediterrania.com\/es\/wp-json\/wp\/v2\/users\/39"}],"replies":[{"embeddable":true,"href":"https:\/\/editorialmediterrania.com\/es\/wp-json\/wp\/v2\/comments?post=25451"}],"version-history":[{"count":0,"href":"https:\/\/editorialmediterrania.com\/es\/wp-json\/wp\/v2\/posts\/25451\/revisions"}],"wp:featuredmedia":[{"embeddable":true,"href":"https:\/\/editorialmediterrania.com\/es\/wp-json\/wp\/v2\/media\/25936"}],"wp:attachment":[{"href":"https:\/\/editorialmediterrania.com\/es\/wp-json\/wp\/v2\/media?parent=25451"}],"wp:term":[{"taxonomy":"category","embeddable":true,"href":"https:\/\/editorialmediterrania.com\/es\/wp-json\/wp\/v2\/categories?post=25451"},{"taxonomy":"post_tag","embeddable":true,"href":"https:\/\/editorialmediterrania.com\/es\/wp-json\/wp\/v2\/tags?post=25451"}],"curies":[{"name":"wp","href":"https:\/\/api.w.org\/{rel}","templated":true}]}}